[{"@context":"https:\/\/schema.org\/","@type":"Article","@id":"https:\/\/www.casaled.es\/los-ninos-y-las-vacaciones\/#Article","mainEntityOfPage":"https:\/\/www.casaled.es\/los-ninos-y-las-vacaciones\/","headline":"Los ni\u00f1os y las vacaciones","name":"Los ni\u00f1os y las vacaciones","description":"\u00bfD\u00f3nde has ido de vacaciones este a\u00f1o? Me he enterado de que hay gente que no se ha ido de vacaciones. Porque no pod\u00edan permit\u00edrselo econ\u00f3micamente. Hay gente que no se va de vacaciones. Siempre est\u00e1n trabajando o tienen muchos hijos y no saben qu\u00e9 hacer. Una amiga m\u00eda tiene gemelos peque\u00f1os y me cont\u00f3 [&hellip;]","datePublished":"2021-10-20","dateModified":"2021-10-20","author":{"@type":"Person","@id":"https:\/\/www.casaled.es\/author\/#Person","name":"","url":"https:\/\/www.casaled.es\/author\/","identifier":1,"image":{"@type":"ImageObject","@id":"https:\/\/secure.gravatar.com\/avatar\/020fed30ca967737eb0c640f241d660d0f18cb15fe876f045fbf23eb8510c133?s=96&d=mm&r=g","url":"https:\/\/secure.gravatar.com\/avatar\/020fed30ca967737eb0c640f241d660d0f18cb15fe876f045fbf23eb8510c133?s=96&d=mm&r=g","height":96,"width":96}},"publisher":{"@type":"Organization","name":"casaled.es","logo":{"@type":"ImageObject","@id":"\/logo.png","url":"\/logo.png","width":600,"height":60}},"image":{"@type":"ImageObject","@id":"https:\/\/www.casaled.es\/wp-content\/uploads\/woman-4373078_1280_3.jpg","url":"https:\/\/www.casaled.es\/wp-content\/uploads\/woman-4373078_1280_3.jpg","height":0,"width":0},"url":"https:\/\/www.casaled.es\/los-ninos-y-las-vacaciones\/","about":["Vacaciones"],"wordCount":330,"articleBody":"\u00bfD\u00f3nde has ido de vacaciones este a\u00f1o? Me he enterado de que hay gente que no se ha ido de vacaciones. Porque no pod\u00edan permit\u00edrselo econ\u00f3micamente. Hay gente que no se va de vacaciones. Siempre est\u00e1n trabajando o tienen muchos hijos y no saben qu\u00e9 hacer. Una amiga m\u00eda tiene gemelos peque\u00f1os y me cont\u00f3 que durante varios a\u00f1os le prohibieron totalmente irse de vacaciones. Porque ella misma dec\u00eda que no se imaginaba irse de vacaciones a ning\u00fan sitio si ten\u00eda dos ni\u00f1os peque\u00f1os que todav\u00eda eran muy peque\u00f1os y no sab\u00edan c\u00f3mo divertirse.  Y que tal vez ni siquiera sabr\u00edan disfrutar de unas vacaciones. As\u00ed que, en mi opini\u00f3n, si tienes un hijo de dos o tres a\u00f1os, quiz\u00e1 no sea apropiado ir de vacaciones a alg\u00fan sitio. \u00bfComo ir a la playa? \u00bfO a esquiar? Yo nunca ir\u00eda all\u00ed porque absolutamente nadie disfrutar\u00eda. De todos modos, tendr\u00eda que vigilar a los ni\u00f1os o no podr\u00eda disfrutar de las vacaciones. As\u00ed que cuando mi hijo ten\u00eda seis a\u00f1os, lo dej\u00e9 con su abuela -mi madre- y mi pareja y yo nos fuimos una semana de vacaciones a Egipto.D\u00e9jeme decirle que lo disfrutamos mucho y ahora que mi hijo tiene 10 a\u00f1os, vamos juntos a Egipto. No s\u00f3lo a Egipto, sino tambi\u00e9n a Espa\u00f1a e Italia. Nuestra favorita es Italia, sobre todo las playas de arena c\u00e1lida, donde hay centros acu\u00e1ticos para ni\u00f1os, toboganes de agua y estructuras para trepar. A mi hijo le encanta y no se imagina estar sentado en la playa nadando todo el tiempo. A veces puede ser un verdadero incordio y fue agradable tener un restaurante cerca. \u00bfHa pasado alguna vez unas vacaciones con ni\u00f1os peque\u00f1os? \u00bfC\u00f3mo eran tus peque\u00f1os? \u00bfLo recuerdas?                                                                                                                                                                                                                                                                                                                                                                                        4.7\/5 - (9 votes)        "},{"@context":"https:\/\/schema.org\/","@type":"BreadcrumbList","itemListElement":[{"@type":"ListItem","position":1,"name":"Los ni\u00f1os y las vacaciones","item":"https:\/\/www.casaled.es\/los-ninos-y-las-vacaciones\/#breadcrumbitem"}]}]